{"id":3318,"date":"2024-11-08T16:28:28","date_gmt":"2024-11-08T16:28:28","guid":{"rendered":"https:\/\/babor-art.at\/?p=3318"},"modified":"2024-11-08T17:17:19","modified_gmt":"2024-11-08T17:17:19","slug":"3318","status":"publish","type":"post","link":"https:\/\/babor-art.at\/?p=3318","title":{"rendered":"#6 &#8211; Yuna"},"content":{"rendered":"\t\t<div data-elementor-type=\"wp-post\" data-elementor-id=\"3318\" class=\"elementor elementor-3318\">\n\t\t\t\t\t\t<section class=\"elementor-section elementor-top-section elementor-element elementor-element-2377aed elementor-section-boxed elementor-section-height-default elementor-section-height-default\" data-id=\"2377aed\" data-element_type=\"section\">\n\t\t\t\t\t\t<div class=\"elementor-container elementor-column-gap-default\">\n\t\t\t\t\t<div class=\"elementor-column elementor-col-100 elementor-top-column elementor-element elementor-element-249a66c\" data-id=\"249a66c\" data-element_type=\"column\">\n\t\t\t<div class=\"elementor-widget-wrap elementor-element-populated\">\n\t\t\t\t\t\t<div class=\"elementor-element elementor-element-84df252 elementor-widget elementor-widget-heading\" data-id=\"84df252\" data-element_type=\"widget\" data-widget_type=\"heading.default\">\n\t\t\t\t<div class=\"elementor-widget-container\">\n\t\t\t<h2 class=\"elementor-heading-title elementor-size-default\">Im falschen Land.<\/h2>\t\t<\/div>\n\t\t\t\t<\/div>\n\t\t\t\t\t<\/div>\n\t\t<\/div>\n\t\t\t\t\t<\/div>\n\t\t<\/section>\n\t\t\t\t<section class=\"elementor-section elementor-top-section elementor-element elementor-element-541ccfee elementor-section-boxed elementor-section-height-default elementor-section-height-default\" data-id=\"541ccfee\" data-element_type=\"section\">\n\t\t\t\t\t\t<div class=\"elementor-container elementor-column-gap-default\">\n\t\t\t\t\t<div class=\"elementor-column elementor-col-100 elementor-top-column elementor-element elementor-element-2c05988e\" data-id=\"2c05988e\" data-element_type=\"column\">\n\t\t\t<div class=\"elementor-widget-wrap elementor-element-populated\">\n\t\t\t\t\t\t<div class=\"elementor-element elementor-element-83cfb87 elementor-widget elementor-widget-text-editor\" data-id=\"83cfb87\" data-element_type=\"widget\" data-widget_type=\"text-editor.default\">\n\t\t\t\t<div class=\"elementor-widget-container\">\n\t\t\t\t\t\t\t<!-- wp:paragraph -->\n<p>Der Legende nach hat eine Katze 7 Leben. Allerdings sagt man ihr in anderen L\u00e4ndern 9 Leben nach. Diese weiteren zwei h\u00e4tte ich nun gerne eingel\u00f6st\u2026<\/p>\n<!-- \/wp:paragraph --><!-- wp:paragraph -->\n<p>In meinem letzten Beitrag habe ich schon von meinen Katzen erz\u00e4hlt. Beide mit Alterswehwehchen, vor allem Gina (16) das Sorgenkind. Erh\u00f6hte Nierenwerte, Arthrose, Schilddr\u00fcsen\u00fcberfunktion, frisst oft z\u00f6gerlich und braucht generell mehr Chi Chi und Bussi Bussi. Gina ist mein ewiges Babykatzerl. Und dann Yuna, ach, Yuna, die Unkomplizierte. Kam \u00fcber einen tollen Tierschutzverein (<a href=\"http:\/\/www.katzenschutzverein-tigerhausen.at\">www.katzenschutzverein-tigerhausen.at<\/a>) von Rum\u00e4nien zu mir. Eine Katze im mittleren bis h\u00f6heren Alter, so genau wusste man es nicht. Sie zog hier vor knapp 6 Jahren mit einer herrlichen Selbstverst\u00e4ndlichkeit ein, ich liebte sie von Beginn weg. Ihre lustige, neugierige und vertrauensvolle Art zog mich sofort in ihren Bann. Sie kuschelte sich am zweiten Tag in meinen Arm, schlief bei mir im Bett und stahl mir das Essen vom Teller \ud83d\ude09. Mit Gina verlief es holpriger. Richtige Freunde wurden die beiden nie, aber sie kamen miteinander zurecht. So oft Yuna Gina auch \u00e4rgerte, so oft hat sie ihre Katzenfreundin aber auch verteidigt. Gegen fremde Katzen, die sich zu uns in den Garten verirrten und auch gegen die Tier\u00e4rztin, die uns mal daheim besuchen kam und Gina Blut abnahm.<\/p>\n<!-- \/wp:paragraph --><!-- wp:paragraph -->\n<p>Yuna war in den letzten Monaten auffallend weniger aktiv. Sie wurde durchgecheckt und wir schoben es auf die schwere Spondylose (praktisch eine Arthrose in der Wirbels\u00e4ue). Schmerzmittel, Cranio Sacral, Nahrungserg\u00e4nzung, ich war ger\u00fcstet und tat mein M\u00f6glichstes um ihre vermeintlichen Schmerzen zu lindern. Sie wirkte auch entsprechend zufrieden, war nach wie vor immer lustig, gut drauf, verspielt und verschmust. Eine dankbare, zufriedene Katze, die Freigang kaum n\u00fctzte, sondern viel lieber in unserer N\u00e4he war und merklich an ihrer Familie hing. Wir machten uns nie richtig Sorgen um sie.<\/p>\n<!-- \/wp:paragraph --><!-- wp:paragraph -->\n<p>Pl\u00f6tzlich fiel sie um. Ich fuhr schnell in die Klinik und, um es abzuk\u00fcrzen, nach 2 Tagen mussten wir sie gehen lassen. Wir konnten sie verabschieden und ich hoffe sehr, dass sie unsere Anwesenheit noch gesp\u00fcrt hat.<\/p>\n<!-- \/wp:paragraph --><!-- wp:paragraph -->\n<p>Es kam so unerwartet und heftig. Es waren zwei ganz finstere Tage mit Hoffen und Bangen, die leider traurig endeten. Ich konnte mich nicht, wie bei meinen anderen Katzen, darauf vorbereiten, umso schwerer ist der Verlust jetzt zu verarbeiten. Die schlimmen Bilder gehen mir nicht aus dem Kopf und das Gedankenkarussell dreht sich. H\u00e4tte ich mehr tun k\u00f6nnen? Wieso haben wir es \u00fcbersehen? Yuna hat ein Herzproblem sehr geschickt getarnt.<\/p>\n<!-- \/wp:paragraph --><!-- wp:paragraph -->\n<p>Der Katze wird ja nachgesagt, freiheitsliebend und bindungsunwillig zu sein. Das kann ich bei keiner meiner Katzen best\u00e4tigen. Zu allen hatte und habe ich eine sehr innige, tiefe Beziehung. Sie kamen immer an erster Stelle und haben es mit bedingungsloser Liebe gedankt. Yuna war auch noch ein Sonderexemplar an Fr\u00f6hlichkeit. Eine enge Freundin meinte, der Himmel hat wohl dringend eine fr\u00f6hliche Seele gebraucht. Das finde ich wundersch\u00f6n und bringt mich gleichzeitig zum Weinen.<\/p>\n<!-- \/wp:paragraph --><!-- wp:paragraph -->\n<p>Yuna kam heute wieder nach Hause. Wie schon Cleo und Nala zuvor, steht nun eine mit Liebe ausgesuchte Urne im Regal. Es hat was tr\u00f6stendes, es beruhigt mich, sie daheim zu wissen. Hier geh\u00f6ren sie hin und sie h\u00e4tten eigentlich nie gehen d\u00fcrfen.<\/p>\n<!-- \/wp:paragraph --><!-- wp:paragraph -->\n<p>Aber es gibt eben doch nur ein Leben. Und wenn man es richtig macht, reicht das auch. Ich glaube, Yuna hat es richtig gemacht. Sie hat viele Jahre auf der Stra\u00dfe \u00fcberlebt, mit vielen Katzenkumpeln und gl\u00fccklicherweise von Menschen gef\u00fcttert und letztendlich aufgenommen und an mich vermittelt. Ich wei\u00df und habe es immer gesp\u00fcrt, wie sehr sie die Jahre bei mir genossen hat. Sie war eine wunderbare Begleiterin und ich vermisse sie schrecklich.<\/p>\n<!-- \/wp:paragraph --><!-- wp:paragraph -->\n<p>Yuna, mein M\u00e4dchen, ich danke dir so sehr f\u00fcr unsere gemeinsame Zeit. Ich bin mir sicher, da oben wollen schon ganz viele mit der coolen Neuen abh\u00e4ngen \ud83d\ude0a. Der Himmel geh\u00f6rt dir!<\/p>\n<!-- \/wp:paragraph --><!-- wp:paragraph -->\n<p>Und euch allen, die auch einen Verlust verarbeiten mussten oder gerade bef\u00fcrchten, viel Kraft und eine herzliche Umarmung. Es ist niemals nur ein Tier, es ist so unbeschreiblich viel mehr. Ich f\u00fchle mit euch,<\/p>\n<!-- \/wp:paragraph --><!-- wp:paragraph -->\n<p>Eure M.<\/p>\n<!-- \/wp:paragraph -->\t\t\t\t\t\t<\/div>\n\t\t\t\t<\/div>\n\t\t\t\t\t<\/div>\n\t\t<\/div>\n\t\t\t\t\t<\/div>\n\t\t<\/section>\n\t\t\t\t<\/div>\n\t\t","protected":false},"excerpt":{"rendered":"<p>Im falschen Land. Der Legende nach hat eine Katze 7 Leben. Allerdings sagt man ihr in anderen L\u00e4ndern 9 Leben nach. Diese weiteren zwei h\u00e4tte ich nun gerne eingel\u00f6st\u2026 In meinem letzten Beitrag habe ich schon von meinen Katzen erz\u00e4hlt. Beide mit Alterswehwehchen, vor allem Gina (16) das Sorgenkind. Erh\u00f6hte Nierenwerte, Arthrose, Schilddr\u00fcsen\u00fcberfunktion, frisst oft&hellip;&nbsp;<a href=\"https:\/\/babor-art.at\/?p=3318\" class=\"\" rel=\"bookmark\">Weiterlesen &raquo;<span class=\"screen-reader-text\">#6 &#8211; Yuna<\/span><\/a><\/p>\n","protected":false},"author":3,"featured_media":3317,"comment_status":"open","ping_status":"open","sticky":false,"template":"","format":"standard","meta":{"neve_meta_sidebar":"","neve_meta_container":"","neve_meta_enable_content_width":"","neve_meta_content_width":0,"neve_meta_title_alignment":"","neve_meta_author_avatar":"","neve_post_elements_order":"","neve_meta_disable_header":"","neve_meta_disable_footer":"","neve_meta_disable_title":"","footnotes":""},"categories":[1],"tags":[],"class_list":["post-3318","post","type-post","status-publish","format-standard","has-post-thumbnail","hentry","category-uncategorized"],"rttpg_featured_image_url":{"full":["https:\/\/mlg4aeoymsd3.i.optimole.com\/w:auto\/h:auto\/q:mauto\/f:best\/https:\/\/babor-art.at\/wp-content\/uploads\/2024\/11\/Titelbild-Lesestoff-6-e1731086226357.jpg",1600,1066,false],"landscape":["https:\/\/mlg4aeoymsd3.i.optimole.com\/w:auto\/h:auto\/q:mauto\/f:best\/https:\/\/babor-art.at\/wp-content\/uploads\/2024\/11\/Titelbild-Lesestoff-6-e1731086226357.jpg",1600,1066,false],"portraits":["https:\/\/mlg4aeoymsd3.i.optimole.com\/w:auto\/h:auto\/q:mauto\/f:best\/https:\/\/babor-art.at\/wp-content\/uploads\/2024\/11\/Titelbild-Lesestoff-6-e1731086226357.jpg",1600,1066,false],"thumbnail":["https:\/\/mlg4aeoymsd3.i.optimole.com\/w:150\/h:150\/q:mauto\/rt:fill\/g:sm\/f:best\/https:\/\/babor-art.at\/wp-content\/uploads\/2024\/11\/Titelbild-Lesestoff-6-e1731086226357.jpg",150,150,true],"medium":["https:\/\/mlg4aeoymsd3.i.optimole.com\/w:300\/h:200\/q:mauto\/f:best\/https:\/\/babor-art.at\/wp-content\/uploads\/2024\/11\/Titelbild-Lesestoff-6-e1731086226357.jpg",300,200,true],"large":["https:\/\/mlg4aeoymsd3.i.optimole.com\/w:1024\/h:682\/q:mauto\/f:best\/https:\/\/babor-art.at\/wp-content\/uploads\/2024\/11\/Titelbild-Lesestoff-6-e1731086226357.jpg",1024,682,true],"1536x1536":["https:\/\/mlg4aeoymsd3.i.optimole.com\/w:1536\/h:1023\/q:mauto\/f:best\/https:\/\/babor-art.at\/wp-content\/uploads\/2024\/11\/Titelbild-Lesestoff-6-e1731086226357.jpg",1536,1023,true],"2048x2048":["https:\/\/mlg4aeoymsd3.i.optimole.com\/w:auto\/h:auto\/q:mauto\/f:best\/https:\/\/babor-art.at\/wp-content\/uploads\/2024\/11\/Titelbild-Lesestoff-6-e1731086226357.jpg",1600,1066,false],"neve-blog":["https:\/\/mlg4aeoymsd3.i.optimole.com\/w:930\/h:620\/q:mauto\/rt:fill\/g:sm\/f:best\/https:\/\/babor-art.at\/wp-content\/uploads\/2024\/11\/Titelbild-Lesestoff-6-e1731086226357.jpg",930,620,true]},"rttpg_author":{"display_name":"Manuela Babor","author_link":"https:\/\/babor-art.at\/?author=3"},"rttpg_comment":3,"rttpg_category":"<a href=\"https:\/\/babor-art.at\/?cat=1\" rel=\"category\">Uncategorized<\/a>","rttpg_excerpt":"Im falschen Land. Der Legende nach hat eine Katze 7 Leben. Allerdings sagt man ihr in anderen L\u00e4ndern 9 Leben nach. Diese weiteren zwei h\u00e4tte ich nun gerne eingel\u00f6st\u2026 In meinem letzten Beitrag habe ich schon von meinen Katzen erz\u00e4hlt. Beide mit Alterswehwehchen, vor allem Gina (16) das Sorgenkind. Erh\u00f6hte Nierenwerte, Arthrose, Schilddr\u00fcsen\u00fcberfunktion, frisst oft&hellip;&nbsp;Weiterlesen&hellip;","_links":{"self":[{"href":"https:\/\/babor-art.at\/index.php?rest_route=\/wp\/v2\/posts\/3318","targetHints":{"allow":["GET"]}}],"collection":[{"href":"https:\/\/babor-art.at\/index.php?rest_route=\/wp\/v2\/posts"}],"about":[{"href":"https:\/\/babor-art.at\/index.php?rest_route=\/wp\/v2\/types\/post"}],"author":[{"embeddable":true,"href":"https:\/\/babor-art.at\/index.php?rest_route=\/wp\/v2\/users\/3"}],"replies":[{"embeddable":true,"href":"https:\/\/babor-art.at\/index.php?rest_route=%2Fwp%2Fv2%2Fcomments&post=3318"}],"version-history":[{"count":17,"href":"https:\/\/babor-art.at\/index.php?rest_route=\/wp\/v2\/posts\/3318\/revisions"}],"predecessor-version":[{"id":3343,"href":"https:\/\/babor-art.at\/index.php?rest_route=\/wp\/v2\/posts\/3318\/revisions\/3343"}],"wp:featuredmedia":[{"embeddable":true,"href":"https:\/\/babor-art.at\/index.php?rest_route=\/wp\/v2\/media\/3317"}],"wp:attachment":[{"href":"https:\/\/babor-art.at\/index.php?rest_route=%2Fwp%2Fv2%2Fmedia&parent=3318"}],"wp:term":[{"taxonomy":"category","embeddable":true,"href":"https:\/\/babor-art.at\/index.php?rest_route=%2Fwp%2Fv2%2Fcategories&post=3318"},{"taxonomy":"post_tag","embeddable":true,"href":"https:\/\/babor-art.at\/index.php?rest_route=%2Fwp%2Fv2%2Ftags&post=3318"}],"curies":[{"name":"wp","href":"https:\/\/api.w.org\/{rel}","templated":true}]}}